{"id":790,"date":"2014-03-01T07:57:47","date_gmt":"2014-03-01T12:57:47","guid":{"rendered":"http:\/\/richardaseguin.com\/fra\/?p=790"},"modified":"2021-12-30T21:33:14","modified_gmt":"2021-12-30T20:33:14","slug":"pepere-villeneuve-2","status":"publish","type":"post","link":"http:\/\/richardaseguin.com\/fra\/?p=790","title":{"rendered":"Pep\u00e8re Villeneuve"},"content":{"rendered":"<p><a href=\"http:\/\/richardaseguin.com\/fra\/wp-content\/uploads\/2014\/03\/Rose-Comtois-et-Alphonse-Villeneuve.jpg\"><img loading=\"lazy\" decoding=\"async\" class=\"alignright size-medium wp-image-788\" alt=\"Rose (Comtois) et Alphonse Villeneuve\" src=\"http:\/\/richardaseguin.com\/fra\/wp-content\/uploads\/2014\/03\/Rose-Comtois-et-Alphonse-Villeneuve-229x300.jpg\" width=\"229\" height=\"300\" \/><\/a>Aujourd&rsquo;hui est l&rsquo;anniversaire d&rsquo;Alphonse Villeneuve (dit Amyot), l&rsquo;homme qui est devenu notre troisi\u00e8me grand-p\u00e8re. Il a mari\u00e9 ma grand-m\u00e8re maternelle quelques ann\u00e9es apr\u00e8s le d\u00e9c\u00e8s de mon grand-p\u00e8re Comtois en 1915. Dans ma famille, tout le monde l&rsquo;appelais Pep\u00e8re Villeneuve. Ceci est la seule photo de lui, avec ma grand-m\u00e8re, probablement \u00e0 l&rsquo;occasion de leur mariage. Ils ont tous deux v\u00e9cus avec ma famille jusqu&rsquo;\u00e0 leur mort, ma grand-m\u00e8re en 1947 et Pep\u00e8re Villeneuce en 1960. J&rsquo;avais 10 ans, il en avait 95.<\/p>\n<p>Pep\u00e8re Villeneuve fut la personne la plus influente de ma vie, apr\u00e8s mon p\u00e8re. Il \u00e9tait tout ce que je n&rsquo;\u00e9tais pas et tout ce que je voulais \u00eatre. Il \u00e9tait dou\u00e9 d&rsquo;une sant\u00e9 remarquable, de force, de pi\u00e9t\u00e9 et de caract\u00e8re qui sont au-del\u00e0 des aspirations des hommes de nos jour. En 1978 j&rsquo;ai compos\u00e9 une pi\u00e8ce en son honeur, tout simplement appel\u00e9e \u00ab\u00a0Pep\u00e8re Villeneuve\u00a0\u00bb, mais j&rsquo;ai d\u00fb attendre jusqu&rsquo;en 2004 pour l&rsquo;enregistrer. Elle est sur mon CD \u00ab\u00a0Chants de pierre.\u00a0\u00bb La voici. Merci Pep\u00e8re.<\/p>\n<p><a href=\"http:\/\/richardaseguin.com\/fra\/wp-content\/uploads\/2021\/12\/Pepere-Villeneuve.mp3\">Pep\u00e8re Villeneuve<\/a><\/p>\n","protected":false},"excerpt":{"rendered":"<p>Aujourd&rsquo;hui est l&rsquo;anniversaire d&rsquo;Alphonse Villeneuve (dit Amyot), l&rsquo;homme qui est devenu notre troisi\u00e8me grand-p\u00e8re. Il a mari\u00e9 ma grand-m\u00e8re maternelle quelques ann\u00e9es apr\u00e8s le d\u00e9c\u00e8s de mon grand-p\u00e8re Comtois en 1915. Dans ma famille, tout le monde l&rsquo;appelais Pep\u00e8re Villeneuve. Ceci est la seule photo de lui, avec ma grand-m\u00e8re, probablement \u00e0 l&rsquo;occasion de leur [&hellip;]<\/p>\n","protected":false},"author":1,"featured_media":0,"comment_status":"open","ping_status":"open","sticky":false,"template":"","format":"standard","meta":{"footnotes":""},"categories":[1],"tags":[],"_links":{"self":[{"href":"http:\/\/richardaseguin.com\/fra\/index.php?rest_route=\/wp\/v2\/posts\/790"}],"collection":[{"href":"http:\/\/richardaseguin.com\/fra\/index.php?rest_route=\/wp\/v2\/posts"}],"about":[{"href":"http:\/\/richardaseguin.com\/fra\/index.php?rest_route=\/wp\/v2\/types\/post"}],"author":[{"embeddable":true,"href":"http:\/\/richardaseguin.com\/fra\/index.php?rest_route=\/wp\/v2\/users\/1"}],"replies":[{"embeddable":true,"href":"http:\/\/richardaseguin.com\/fra\/index.php?rest_route=%2Fwp%2Fv2%2Fcomments&post=790"}],"version-history":[{"count":3,"href":"http:\/\/richardaseguin.com\/fra\/index.php?rest_route=\/wp\/v2\/posts\/790\/revisions"}],"predecessor-version":[{"id":3155,"href":"http:\/\/richardaseguin.com\/fra\/index.php?rest_route=\/wp\/v2\/posts\/790\/revisions\/3155"}],"wp:attachment":[{"href":"http:\/\/richardaseguin.com\/fra\/index.php?rest_route=%2Fwp%2Fv2%2Fmedia&parent=790"}],"wp:term":[{"taxonomy":"category","embeddable":true,"href":"http:\/\/richardaseguin.com\/fra\/index.php?rest_route=%2Fwp%2Fv2%2Fcategories&post=790"},{"taxonomy":"post_tag","embeddable":true,"href":"http:\/\/richardaseguin.com\/fra\/index.php?rest_route=%2Fwp%2Fv2%2Ftags&post=790"}],"curies":[{"name":"wp","href":"https:\/\/api.w.org\/{rel}","templated":true}]}}